{"id":94,"date":"2023-08-10T13:07:23","date_gmt":"2023-08-10T10:07:23","guid":{"rendered":"https:\/\/blogit.sasky.fi\/turvax\/?p=94"},"modified":"2023-06-28T13:14:25","modified_gmt":"2023-06-28T10:14:25","slug":"turvax-turvallisempi-tila-jokaiselle","status":"publish","type":"post","link":"https:\/\/blogit.sasky.fi\/turvax\/2023\/08\/10\/turvax-turvallisempi-tila-jokaiselle\/","title":{"rendered":"TurvaX &#8211; Turvallisempi tila jokaiselle"},"content":{"rendered":"\n<p>Kirjoittanut Metti Vuosku, julkaissut Iris Sundelin.<\/p>\n\n\n\n<p>Tapasin TurvaX-podcastin \u00e4\u00e4nityksiss\u00e4 mit\u00e4 mielenkiintoisimpia asiantuntijoita. Keskusteluissa toistui ajatus ennaltaehk\u00e4isyn t\u00e4rkeydest\u00e4. Mit\u00e4 enemm\u00e4n teemme t\u00f6it\u00e4 sen eteen, ettei vaaratilanteita edes synny, sen paremmassa turvassa olemme. T\u00e4m\u00e4 ei koske vain fyysist\u00e4 turvallisuutta.\u00a0 Sosiaalisen ja psyykkisen turvallisuuden osalta ennaltaehk\u00e4isy on yht\u00e4 t\u00e4rke\u00e4\u00e4.<\/p>\n\n\n\n<p>Keskusteluissa pitk\u00e4\u00e4n py\u00f6rineest\u00e4 turvallisen tilan k\u00e4sitteest\u00e4 on edetty puhumaan turvallisemmasta tilasta. T\u00e4m\u00e4 johtuu siit\u00e4, ettei mik\u00e4\u00e4n tila koskaan voi olla aivan jokaiselle turvallinen. Se ei tarkoita, etteik\u00f6 kaikista tiloista silti kannattaisi tehd\u00e4 turvallisempia.<\/p>\n\n\n\n<figure class=\"wp-block-image size-full\"><img loading=\"lazy\" decoding=\"async\" width=\"1024\" height=\"683\" src=\"https:\/\/blogit.sasky.fi\/turvax\/wp-content\/uploads\/sites\/19\/2023\/06\/Yleiskuvia-19.jpg\" alt=\"Kolme nuorta opiskelijaa, jotka iloisina tutkivat yhden opiskelijan puhelinta.\" class=\"wp-image-95\" srcset=\"https:\/\/blogit.sasky.fi\/turvax\/wp-content\/uploads\/sites\/19\/2023\/06\/Yleiskuvia-19.jpg 1024w, https:\/\/blogit.sasky.fi\/turvax\/wp-content\/uploads\/sites\/19\/2023\/06\/Yleiskuvia-19-300x200.jpg 300w, https:\/\/blogit.sasky.fi\/turvax\/wp-content\/uploads\/sites\/19\/2023\/06\/Yleiskuvia-19-768x512.jpg 768w\" sizes=\"auto, (max-width: 767px) 89vw, (max-width: 1000px) 54vw, (max-width: 1071px) 543px, 580px\" \/><\/figure>\n\n\n\n<p>Turvallisemmassa tilassa oletukset j\u00e4tet\u00e4\u00e4n tekem\u00e4tt\u00e4. Oletuksilla ei tarkoiteta vain sukupuolen, mielipiteen, uskonnon tai kansalaisuuden olettamista, vaan my\u00f6s esimerkiksi oletusta siit\u00e4, ett\u00e4 kaikki pystyv\u00e4t samaan kuin min\u00e4. Jokainen on yksil\u00f6, joten jokainen tulisi n\u00e4hd\u00e4 yksil\u00f6n\u00e4. Kuinka usein olet t\u00f6rm\u00e4nnyt keskustelussa tilanteeseen, jossa yksi keskustelijoista vetoaa omiin kokemuksiinsa ja kertoo sen perusteella muiden pystyv\u00e4n samaan?<\/p>\n\n\n\n<p>\u201dKyll\u00e4 migreeniss\u00e4 voi menn\u00e4 kouluun, mullakin on migreeni ja se menee l\u00e4\u00e4kkeill\u00e4 ohi\u201d. Niin, kaikilla ei mene.<\/p>\n\n\n\n<p>\u201dEi masennus tarkoita, ettei jaksaisi siivota, kyll\u00e4 mun kaverillakin on ollut vaikea masennus, mutta se on silti ihan siivousfriikki\u201d. Niin, h\u00e4n saattaa olla, mutta kaikki eiv\u00e4t ole.<\/p>\n\n\n\n<p>\u201dEn usko, ett\u00e4 mit\u00e4\u00e4n seksuaalista ahdistelua olisi tapahtunut. Tunnen sen, jota syytet\u00e4\u00e4n, eik\u00e4 se ole koskaan ahdistellut minua\u201d. Ei ehk\u00e4 sinua, mutta se ei tarkoita, etteiv\u00e4tk\u00f6 muiden kokemukset olisi tosia.<\/p>\n\n\n\n<p>Omakohtainen kokemus on juuri sit\u00e4 \u2013 omakohtainen. En voi verrata kokemustani sellaisenaan jonkun toisen kokemukseen. Siksi en voi my\u00f6sk\u00e4\u00e4n olettaa h\u00e4nen toimivan, reagoivan, ajattelevan tai toipuvan kuin min\u00e4 tekisin.<\/p>\n\n\n\n<p>Turvallisemmassa tilassa vitsit ja ironiset heitot, joihin sis\u00e4ltyy syrjivi\u00e4 s\u00e4vyj\u00e4, j\u00e4tet\u00e4\u00e4n pois. Kenenk\u00e4\u00e4n sairaus, vamma tai ominaisuus ei ole vitsi. Kenenk\u00e4\u00e4n kielitaito tai kotikieli ei ole vitsi. Kenenk\u00e4\u00e4n harkitsemattomasti muotoiltu, r\u00f6nsyilev\u00e4, sanoja hakeva kertomus ei ole vitsi, vaikka se ei noudattaisikaan t\u00e4ydellisen puheen kaavaa. Turvallisemmassa tilassa annetaan tilaa olla ja keskustella tuomitsematta. Tilasta saa poistua, jos silt\u00e4 tuntuu, eik\u00e4 poistumiselle tarvitse antaa syyt\u00e4.<\/p>\n\n\n\n<p>Kuten sanottu, kaikki tilat eiv\u00e4t voi olla kaikille turvallisia. P\u00e4ihdesairauksista k\u00e4rsivien vertaisryhm\u00e4ss\u00e4 k\u00e4ydyt luottamukselliset keskustelut voivat aiheuttaa ahdistusta ihmiselle, joka on paennut p\u00e4ihdetaustaisesta perheest\u00e4. Ty\u00f6paikan ruokala voi olla sy\u00f6misen kautta oireilevalle toipujalle turvaton tila vain siksi, ett\u00e4 siell\u00e4 sy\u00f6d\u00e4\u00e4n sellaisia ruokia, jotka aiheuttavat voimakasta ahdistusta. Ymp\u00e4rill\u00e4mme on koko ajan ihmisi\u00e4 ja tilanteita, jotka voivat aiheuttaa erilaisia ahdistavia kokemuksia. Se ei kuitenkaan saa olla esteen\u00e4 sille, ett\u00e4 toimimme ihmisin\u00e4 niin turvallisesti kuin mahdollista.<\/p>\n","protected":false},"excerpt":{"rendered":"<p>Kirjoittanut Metti Vuosku, julkaissut Iris Sundelin. Tapasin TurvaX-podcastin \u00e4\u00e4nityksiss\u00e4 mit\u00e4 mielenkiintoisimpia asiantuntijoita. Keskusteluissa toistui ajatus ennaltaehk\u00e4isyn t\u00e4rkeydest\u00e4. Mit\u00e4 enemm\u00e4n teemme t\u00f6it\u00e4 sen eteen, ettei vaaratilanteita edes synny, sen paremmassa turvassa olemme. T\u00e4m\u00e4 ei koske vain fyysist\u00e4 turvallisuutta.\u00a0 Sosiaalisen ja psyykkisen turvallisuuden osalta ennaltaehk\u00e4isy on yht\u00e4 t\u00e4rke\u00e4\u00e4. Keskusteluissa pitk\u00e4\u00e4n py\u00f6rineest\u00e4 turvallisen tilan k\u00e4sitteest\u00e4 on edetty puhumaan &hellip; <\/p>\n<p class=\"link-more\"><a href=\"https:\/\/blogit.sasky.fi\/turvax\/2023\/08\/10\/turvax-turvallisempi-tila-jokaiselle\/\" class=\"more-link\">Jatka lukemista<span class=\"screen-reader-text\"> &#8221;TurvaX &#8211; Turvallisempi tila jokaiselle&#8221;<\/span><\/a><\/p>\n","protected":false},"author":46,"featured_media":0,"comment_status":"open","ping_status":"open","sticky":false,"template":"","format":"standard","meta":{"footnotes":""},"categories":[12,6],"tags":[5,9,4,13,14,3],"class_list":["post-94","post","type-post","status-publish","format-standard","hentry","category-turvallinen-tila","category-turvallisuus","tag-hanketyo","tag-koettu-turvallisuus","tag-oppilaitosturvallisuus","tag-positiivinen-turvallisuus","tag-turvallinen-tila","tag-turvallisuus"],"_links":{"self":[{"href":"https:\/\/blogit.sasky.fi\/turvax\/wp-json\/wp\/v2\/posts\/94","targetHints":{"allow":["GET"]}}],"collection":[{"href":"https:\/\/blogit.sasky.fi\/turvax\/wp-json\/wp\/v2\/posts"}],"about":[{"href":"https:\/\/blogit.sasky.fi\/turvax\/wp-json\/wp\/v2\/types\/post"}],"author":[{"embeddable":true,"href":"https:\/\/blogit.sasky.fi\/turvax\/wp-json\/wp\/v2\/users\/46"}],"replies":[{"embeddable":true,"href":"https:\/\/blogit.sasky.fi\/turvax\/wp-json\/wp\/v2\/comments?post=94"}],"version-history":[{"count":1,"href":"https:\/\/blogit.sasky.fi\/turvax\/wp-json\/wp\/v2\/posts\/94\/revisions"}],"predecessor-version":[{"id":96,"href":"https:\/\/blogit.sasky.fi\/turvax\/wp-json\/wp\/v2\/posts\/94\/revisions\/96"}],"wp:attachment":[{"href":"https:\/\/blogit.sasky.fi\/turvax\/wp-json\/wp\/v2\/media?parent=94"}],"wp:term":[{"taxonomy":"category","embeddable":true,"href":"https:\/\/blogit.sasky.fi\/turvax\/wp-json\/wp\/v2\/categories?post=94"},{"taxonomy":"post_tag","embeddable":true,"href":"https:\/\/blogit.sasky.fi\/turvax\/wp-json\/wp\/v2\/tags?post=94"}],"curies":[{"name":"wp","href":"https:\/\/api.w.org\/{rel}","templated":true}]}}